{"id":8083,"date":"2022-10-04T17:20:12","date_gmt":"2022-10-04T15:20:12","guid":{"rendered":"https:\/\/interdem.org\/?p=8083"},"modified":"2022-10-04T17:20:13","modified_gmt":"2022-10-04T15:20:13","slug":"c","status":"publish","type":"post","link":"https:\/\/interdem.org\/?p=8083","title":{"rendered":"C"},"content":{"rendered":" <div class=\"tmm tmm_c\"><div class=\"tmm_3_columns tmm_wrap tmm_plugin_f\"><span class=\"tmm_two_containers_tablet\"><\/span><div class=\"tmm_container\"><div class=\"tmm_member\" style=\"border-top:#333333 solid 5px;\"><div class=\"tmm_photo tmm_pic_c_0\" style=\"background: url(https:\/\/interdem.org\/wp-content\/uploads\/foto-cv-2.jpg); margin-left: auto; margin-right:auto; background-size:cover !important;\"><\/div><div class=\"tmm_textblock\"><div class=\"tmm_names\"><span class=\"tmm_fname\">Lara<\/span> <span class=\"tmm_lname\">Calabrese<\/span><\/div><div class=\"tmm_job\">University of Bologna \/ Research Fellow<\/div><div class=\"tmm_desc\" style=\"text-align:\"><table width=\"240\"><tbody><tr><td width=\"240\"><p>The aim of this research project is to explore the lived experiences of people with dementia in relation to epistemic injustice and to examine its practical consequences.<\/p><p><a href=\"mailto:lara.calabrese3@unibo.it\" target=\"_blank\" rel=\"noopener\"><img loading=\"lazy\" decoding=\"async\" class=\"aligncenter wp-image-5257 size-full\" src=\"https:\/\/interdem.org\/wp-content\/uploads\/yellow_mail-e1433843640233.png\" alt=\"\" width=\"48\" height=\"48\"><\/a><\/p><\/td><\/tr><\/tbody><\/table><\/div><div class=\"tmm_scblock\"><a target=\"_blank\" class=\"tmm_sociallink\" href=\"www.linkedin.com\/in\/lara-calabrese-4462931b8\" title=\"\"><img decoding=\"async\" alt=\"\" src=\"https:\/\/interdem.org\/wp-content\/plugins\/team-members\/inc\/img\/links\/linkedin.png\"\/><\/a><\/div><\/div><\/div><div class=\"tmm_member\" style=\"border-top:#333333 solid 5px;\"><div class=\"tmm_textblock\"><div class=\"tmm_names\"><span class=\"tmm_fname\">Maria<\/span> <span class=\"tmm_lname\">Caulfield<\/span><\/div><div class=\"tmm_job\">University of Bradford \/ Research Fellow<\/div><div class=\"tmm_desc\" style=\"text-align:\"><table width=\"240\"><tbody><tr><td width=\"240\"><p>My work spans several projects, including reducing inequalities in service access for minority communities affected by dementia and evaluating the effectiveness of support provision for unpaid family carers. My research expertise lies in qualitative evidence synthesis, implementation methodologies, and realist methodology. This year, I will begin a realist synthesis of the implementation of evidence-based dementia care programmes, funded by the NIHR Three Schools Dementia Research Programme grant.<\/p><p><a href=\"mailto:m.c.caulfield@bradford.ac.uk\" target=\"_blank\" rel=\"noopener\"><img loading=\"lazy\" decoding=\"async\" class=\"aligncenter wp-image-5257 size-full\" src=\"https:\/\/interdem.org\/wp-content\/uploads\/yellow_mail-e1433843640233.png\" alt=\"\" width=\"48\" height=\"48\"><\/a><\/p><\/td><\/tr><\/tbody><\/table><\/div><div class=\"tmm_scblock\"><a target=\"_blank\" class=\"tmm_sociallink\" href=\"https:\/\/www.linkedin.com\/in\/maria-caulfield-4a9425258\/\" title=\"\"><img decoding=\"async\" alt=\"\" src=\"https:\/\/interdem.org\/wp-content\/plugins\/team-members\/inc\/img\/links\/linkedin.png\"\/><\/a><\/div><\/div><\/div><span class=\"tmm_two_containers_tablet\"><\/span><div class=\"tmm_member\" style=\"border-top:#333333 solid 5px;\"><div class=\"tmm_photo tmm_pic_c_2\" style=\"background: url(http:\/\/interdem.org\/wp-content\/uploads\/Photograph.jpg); margin-left: auto; margin-right:auto; background-size:cover !important;\"><\/div><div class=\"tmm_textblock\"><div class=\"tmm_names\"><span class=\"tmm_fname\">Electra<\/span> <span class=\"tmm_lname\">Chatzidimitriou<\/span><\/div><div class=\"tmm_job\">Aristotle University of Thessaloniki \/ PhD Student<\/div><div class=\"tmm_desc\" style=\"text-align:\"><table width=\"240\"><tbody><tr><td width=\"240\"><p>My clinical and research interests focus on the understanding of interactions between brain, cognition and behavior, as well as the implementation of such knowledge in the assessment and treatment of brain dysfunction, caused by psychiatric or neurological disorders. My research interests focus on the investigation of the cognitive, emotional, behavioral, personality and everyday functioning changes in patients with dementia, especially frontotemporal dementia (FTD).<\/p><p><a href=\"mailto:electra_hatzidimitriou@hotmail.com\" target=\"_blank\" rel=\"noopener\"><img loading=\"lazy\" decoding=\"async\" class=\"aligncenter wp-image-5257 size-full\" src=\"http:\/\/interdem.org\/wp-content\/uploads\/yellow_mail-e1433843640233.png\" alt=\"\" width=\"48\" height=\"48\"><\/a><\/p><\/td><\/tr><\/tbody><\/table><\/div><div class=\"tmm_scblock\"><\/div><\/div><\/div><\/div><span class=\"tmm_columns_containers_desktop\"><\/span><div class=\"tmm_container\"><div class=\"tmm_member\" style=\"border-top:#333333 solid 5px;\"><div class=\"tmm_textblock\"><div class=\"tmm_names\"><span class=\"tmm_fname\">Thanos<\/span> <span class=\"tmm_lname\">Chatzikostopoulos<\/span><\/div><div class=\"tmm_job\">Aristotle University of Thessaloniki \/ PhD Student<\/div><div class=\"tmm_desc\" style=\"text-align:\"><table width=\"240\"><tbody><tr><td width=\"240\"><p>My area of expertise is psychology and my main scientific interests revolve around dementia, memory and psychotherapy.<br>My main research project is on the neuropsychiatric symptoms of dementia. Specifically, its goal is to map the neuropsychiatric symptoms in different subtypes of dementia using biomarkers, cognitive abilities and personality traits.<\/p><p><a href=\"mailto:thachatziko@gmail.com\" target=\"_blank\" rel=\"noopener\"><img loading=\"lazy\" decoding=\"async\" class=\"aligncenter wp-image-5257 size-full\" src=\"http:\/\/interdem.org\/wp-content\/uploads\/yellow_mail-e1433843640233.png\" alt=\"\" width=\"48\" height=\"48\"><\/a><\/p><\/td><\/tr><\/tbody><\/table><\/div><div class=\"tmm_scblock\"><\/div><\/div><\/div><span class=\"tmm_two_containers_tablet\"><\/span><div class=\"tmm_member\" style=\"border-top:#333333 solid 5px;\"><div class=\"tmm_photo tmm_pic_c_4\" style=\"background: url(http:\/\/interdem.org\/wp-content\/uploads\/Ping-Jen-Chen.jpg); margin-left: auto; margin-right:auto; background-size:cover !important;\"><\/div><div class=\"tmm_textblock\"><div class=\"tmm_names\"><span class=\"tmm_fname\">Ping-Jen<\/span> <span class=\"tmm_lname\">Chen<\/span><\/div><div class=\"tmm_job\">University College London \/ PhD student \/ Geriatrician<\/div><div class=\"tmm_desc\" style=\"text-align:\"><table width=\"240\"><tbody><tr><td width=\"240\"><p>Integrated care &amp; palliative care for patients with dementia or stroke, large dataset study in epidemiology and health service research, and education in clinical ethics<\/p><p><a href=\"mailto:pingjen.chen@gmail.com\" target=\"_blank\" rel=\"noopener\"><img loading=\"lazy\" decoding=\"async\" class=\"alignleft wp-image-5257 size-full\" src=\"http:\/\/interdem.org\/wp-content\/uploads\/yellow_mail-e1433843640233.png\" alt=\"\" width=\"48\" height=\"48\"><\/a><a href=\"https:\/\/pubmed.ncbi.nlm.nih.gov\/?term=Ping-Jen+Chen+AND+%28Kaohsiung+OR+Chi-mei%29&amp;sort=date\" target=\"_blank\" rel=\"noopener\"><img loading=\"lazy\" decoding=\"async\" class=\"alignleft wp-image-5260 size-full\" src=\"http:\/\/interdem.org\/wp-content\/uploads\/pubmed_logo-e1433843933782.gif\" alt=\"\" width=\"96\" height=\"48\"><\/a><\/p><\/td><\/tr><\/tbody><\/table><\/div><div class=\"tmm_scblock\"><a target=\"_blank\" class=\"tmm_sociallink\" href=\"https:\/\/twitter.com\/pjchen\" title=\"\"><img decoding=\"async\" alt=\"\" src=\"https:\/\/interdem.org\/wp-content\/plugins\/team-members\/inc\/img\/links\/twitter.png\"\/><\/a><a target=\"_blank\" class=\"tmm_sociallink\" href=\"https:\/\/www.linkedin.com\/in\/ping-jen-chen--01056690\/\" title=\"\"><img decoding=\"async\" alt=\"\" src=\"https:\/\/interdem.org\/wp-content\/plugins\/team-members\/inc\/img\/links\/linkedin.png\"\/><\/a><\/div><\/div><\/div><div class=\"tmm_member\" style=\"border-top:#333333 solid 5px;\"><div class=\"tmm_textblock\"><div class=\"tmm_names\"><span class=\"tmm_fname\">Yewon<\/span> <span class=\"tmm_lname\">Cho<\/span><\/div><div class=\"tmm_job\">Maastricht University \/ PhD Student<\/div><div class=\"tmm_desc\" style=\"text-align:\"><table width=\"240\"><tbody><tr><td width=\"240\"><p>Green care farming research for people with dementia<\/p><p><a href=\"mailto:yewon.cho325@gmail.com\" target=\"_blank\" rel=\"noopener\"><img loading=\"lazy\" decoding=\"async\" class=\"wp-image-5257 size-full aligncenter\" src=\"https:\/\/interdem.org\/wp-content\/uploads\/yellow_mail-e1433843640233.png\" alt=\"\" width=\"48\" height=\"48\"><\/a><\/p><\/td><\/tr><\/tbody><\/table><\/div><div class=\"tmm_scblock\"><\/div><\/div><\/div><span class=\"tmm_two_containers_tablet\"><\/span><\/div><span class=\"tmm_columns_containers_desktop\"><\/span><div class=\"tmm_container\"><div class=\"tmm_member\" style=\"border-top:#333333 solid 5px;\"><div class=\"tmm_photo tmm_pic_c_6\" style=\"background: url(https:\/\/interdem.org\/wp-content\/uploads\/IMG_7198-1.jpg); margin-left: auto; margin-right:auto; background-size:cover !important;\"><\/div><div class=\"tmm_textblock\"><div class=\"tmm_names\"><span class=\"tmm_fname\">Kenny<\/span> <span class=\"tmm_lname\">Chui<\/span><\/div><div class=\"tmm_job\">The Chinese University of Hong Kong<\/div><div class=\"tmm_desc\" style=\"text-align:\"><table width=\"240\"><tbody><tr><td width=\"240\"><p>My research focuses on the voice of people with dementia&nbsp;and promotes the proper&nbsp;caring attitude, called \"DemenTitude\u00ae\" in Hong Kong. I am working on implementing dementia-friendly language in Cantonese and developing programmes for good-quality dementia care education in Chinese society.<\/p><p><a href=\"mailto:kennychui.vod@gmail.com\" target=\"_blank\" rel=\"noopener\"><img loading=\"lazy\" decoding=\"async\" class=\"aligncenter wp-image-5257 size-full\" src=\"https:\/\/interdem.org\/wp-content\/uploads\/yellow_mail-e1433843640233.png\" alt=\"\" width=\"48\" height=\"48\"><\/a><\/p><\/td><\/tr><\/tbody><\/table><\/div><div class=\"tmm_scblock\"><\/div><\/div><\/div><div class=\"tmm_member\" style=\"border-top:#333333 solid 5px;\"><div class=\"tmm_photo tmm_pic_c_7\" style=\"background: url(https:\/\/interdem.org\/wp-content\/uploads\/PHOTO-2024-11-11-10-44-37.jpg); margin-left: auto; margin-right:auto; background-size:cover !important;\"><\/div><div class=\"tmm_textblock\"><div class=\"tmm_names\"><span class=\"tmm_fname\">\u00d6zlem <\/span> <span class=\"tmm_lname\">\u00c7i\u00e7ek Do\u011fan<\/span><\/div><div class=\"tmm_job\">Ko\u00e7 University \/ PhD Student<\/div><div class=\"tmm_desc\" style=\"text-align:\"><table width=\"240\"><tbody><tr><td width=\"240\"><p>My research (PhD dissertation) mainly focuses on safeguarding the health of individuals with dementia and their caregivers during disasters. To address the shortage of nurses in geriatric and gerontological nursing in my country, I actively work on technology-based approaches to prepare nursing students for these fields. I am also dedicated to improving the caregiving skills of family members caring for individuals with dementia and have a role as a researcher in the international UNIC-Seed project.<\/p><p><a href=\"mailto:odogan21@ku.edu.tr\" target=\"_blank\" rel=\"noopener\"><img loading=\"lazy\" decoding=\"async\" class=\"aligncenter wp-image-5257 size-full\" src=\"https:\/\/interdem.org\/wp-content\/uploads\/yellow_mail-e1433843640233.png\" alt=\"\" width=\"48\" height=\"48\"><\/a><\/p><\/td><\/tr><\/tbody><\/table><\/div><div class=\"tmm_scblock\"><a target=\"_blank\" class=\"tmm_sociallink\" href=\"https:\/\/www.linkedin.com\/in\/ozlem-cicek-dogan-385b392b7\/\" title=\"\"><img decoding=\"async\" alt=\"\" src=\"https:\/\/interdem.org\/wp-content\/plugins\/team-members\/inc\/img\/links\/linkedin.png\"\/><\/a><\/div><\/div><\/div><span class=\"tmm_two_containers_tablet\"><\/span><div class=\"tmm_member\" style=\"border-top:#333333 solid 5px;\"><div class=\"tmm_photo tmm_pic_c_8\" style=\"background: url(http:\/\/interdem.org\/wp-content\/uploads\/Lindsey-Collins-scaled.jpg); margin-left: auto; margin-right:auto; background-size:cover !important;\"><\/div><div class=\"tmm_textblock\"><div class=\"tmm_names\"><span class=\"tmm_fname\">Lindsey<\/span> <span class=\"tmm_lname\">Collins<\/span><\/div><div class=\"tmm_job\">University of Bradford \/ Post-doc<\/div><div class=\"tmm_desc\" style=\"text-align:\"><table width=\"240\"><tbody><tr><td width=\"240\"><p>Speech and Language Therapy relating to dementia (communication and dysphagia)<\/p><p><a href=\"mailto:l.collins3@bradford.ac.uk\" target=\"_blank\" rel=\"noopener\"><img loading=\"lazy\" decoding=\"async\" class=\"aligncenter wp-image-5257 size-full\" src=\"http:\/\/interdem.org\/wp-content\/uploads\/yellow_mail-e1433843640233.png\" alt=\"\" width=\"48\" height=\"48\"><\/a><\/p><\/td><\/tr><\/tbody><\/table><\/div><div class=\"tmm_scblock\"><a target=\"_blank\" class=\"tmm_sociallink\" href=\"https:\/\/twitter.com\/@lindsey_bdg\" title=\"\"><img decoding=\"async\" alt=\"\" src=\"https:\/\/interdem.org\/wp-content\/plugins\/team-members\/inc\/img\/links\/twitter.png\"\/><\/a><\/div><\/div><\/div><\/div><span class=\"tmm_columns_containers_desktop\"><\/span><div class=\"tmm_container\"><div class=\"tmm_member\" style=\"border-top:#333333 solid 5px;\"><div class=\"tmm_textblock\"><div class=\"tmm_names\"><span class=\"tmm_fname\">Aoife<\/span> <span class=\"tmm_lname\">Conway<\/span><\/div><div class=\"tmm_job\">Ulster University \/ PhD student, Lecturer in nursing<\/div><div class=\"tmm_desc\" style=\"text-align:\"><table width=\"240\"><tbody><tr><td width=\"240\"><p>Research interests focus on dementia and brain health, individualised psychosocial care, reminiscence, digital innovation, and implementation in care homes.<\/p><p><a href=\"mailto:a.conway@ulster.ac.uk\" target=\"_blank\" rel=\"noopener\"><img loading=\"lazy\" decoding=\"async\" class=\"aligncenter wp-image-5257 size-full\" src=\"http:\/\/interdem.org\/wp-content\/uploads\/yellow_mail-e1433843640233.png\" alt=\"\" width=\"48\" height=\"48\"><\/a><\/p><\/td><\/tr><\/tbody><\/table><\/div><div class=\"tmm_scblock\"><\/div><\/div><\/div><span class=\"tmm_two_containers_tablet\"><\/span><div class=\"tmm_member\" style=\"border-top:#333333 solid 5px;\"><div class=\"tmm_photo tmm_pic_c_10\" style=\"background: url(http:\/\/interdem.org\/wp-content\/uploads\/Leonie-Copraij.jpg); margin-left: auto; margin-right:auto; background-size:cover !important;\"><\/div><div class=\"tmm_textblock\"><div class=\"tmm_names\"><span class=\"tmm_fname\">Leonie<\/span> <span class=\"tmm_lname\">Copraij<\/span><\/div><div class=\"tmm_job\">Windesheim university of Applied Sciences and Utrecht University \/ PhD student<\/div><div class=\"tmm_desc\" style=\"text-align:\"><table width=\"267\"><tbody><tr><td width=\"267\"><p>People with dementia prefer to live at home for as long as possible. Care professionals play an important role in creating living environments that enable to live well with dementia. They are, however, often insufficiently equipped or facilitated to do so. Different ways of learning and development are needed to accelerate innovation in dementia care. Learning Communities provide possibilities to collaborate with multiple stakeholders in dementia care to jointly learn, work, and innovate. In the ENABLE-DEM project, we aim to investigate, strengthen and connect four dementia care Learning Communities to create environments that enable to live well with dementia. The overall aims are therefore: 1. Investigate and support LCs that are focused on establishing environments that enable to live well with dementia and 2. Provide insights into the design, development, value and sustainability of multistakeholder LCs that foster lifelong learning and development. To this end, we collaborate with four existing LCs taking a realist action research approach to ultimately realize enabling environments for people with dementia and their family caregivers<\/p><p><a href=\"mailto:l.a.copraij@windesheim.nl\" target=\"_blank\" rel=\"noopener\"><img loading=\"lazy\" decoding=\"async\" class=\"aligncenter wp-image-5257 size-full\" src=\"http:\/\/interdem.org\/wp-content\/uploads\/yellow_mail-e1433843640233.png\" alt=\"\" width=\"48\" height=\"48\"><\/a><\/p><\/td><\/tr><\/tbody><\/table><\/div><div class=\"tmm_scblock\"><a target=\"_blank\" class=\"tmm_sociallink\" href=\"https:\/\/nl.linkedin.com\/in\/leonie-copraij-b90b1519a\" title=\"\"><img decoding=\"async\" alt=\"\" src=\"https:\/\/interdem.org\/wp-content\/plugins\/team-members\/inc\/img\/links\/linkedin.png\"\/><\/a><\/div><\/div><\/div><div class=\"tmm_member\" style=\"border-top:#333333 solid 5px;\"><div class=\"tmm_photo tmm_pic_c_11\" style=\"background: url(https:\/\/interdem.org\/wp-content\/uploads\/SC-Headshot.jpg); margin-left: auto; margin-right:auto; background-size:cover !important;\"><\/div><div class=\"tmm_textblock\"><div class=\"tmm_names\"><span class=\"tmm_fname\">Stephanie<\/span> <span class=\"tmm_lname\">Craig<\/span><\/div><div class=\"tmm_job\">Queen's University Belfast \/ Lecturer<\/div><div class=\"tmm_desc\" style=\"text-align:\"><table width=\"267\"><tbody><tr><td width=\"267\"><p>dementia care education<br>person-centred practice<br>supporting nurses to deliver compassionate, evidence-based interventions<br>dementia-friendly communities<br>dementia awareness<br>brain health<br>non-pharmacological interventions<br>end of life care<\/p><p><a href=\"mailto:S.Craig@qub.ac.uk\" target=\"_blank\" rel=\"noopener\"><img loading=\"lazy\" decoding=\"async\" class=\"aligncenter wp-image-5257 size-full\" src=\"https:\/\/interdem.org\/wp-content\/uploads\/yellow_mail-e1433843640233.png\" alt=\"\" width=\"48\" height=\"48\"><\/a><\/p><\/td><\/tr><\/tbody><\/table><\/div><div class=\"tmm_scblock\"><a target=\"_blank\" class=\"tmm_sociallink\" href=\"https:\/\/www.linkedin.com\/in\/stephanie-craig-2a763a331?utm_source=share&amp;utm_campaign=share_via&amp;utm_content=profile&amp;utm_medium=ios_app\" title=\"\"><img decoding=\"async\" alt=\"\" src=\"https:\/\/interdem.org\/wp-content\/plugins\/team-members\/inc\/img\/links\/linkedin.png\"\/><\/a><\/div><\/div><\/div><span class=\"tmm_two_containers_tablet\"><\/span><\/div><span class=\"tmm_columns_containers_desktop\"><\/span><div class=\"tmm_container\"><div class=\"tmm_member\" style=\"border-top:#333333 solid 5px;\"><div class=\"tmm_photo tmm_pic_c_12\" style=\"background: url(https:\/\/interdem.org\/wp-content\/uploads\/HC-photo.jpg); margin-left: auto; margin-right:auto; background-size:cover !important;\"><\/div><div class=\"tmm_textblock\"><div class=\"tmm_names\"><span class=\"tmm_fname\">Hannah<\/span> <span class=\"tmm_lname\">Cross<\/span><\/div><div class=\"tmm_job\">The University of Manchester \/ Postdoctoral Research Associate<\/div><div class=\"tmm_desc\" style=\"text-align:\"><table width=\"267\"><tbody><tr><td width=\"267\"><p>Hearing assessments and audiological care for people with dementia. Tackling communication difficulties in care homes. Intervention design and co-production.<\/p><p><a href=\"mailto:hannah.cross-2@manchester.ac.uk\" target=\"_blank\" rel=\"noopener\"><img loading=\"lazy\" decoding=\"async\" class=\"aligncenter wp-image-5257 size-full\" src=\"https:\/\/interdem.org\/wp-content\/uploads\/yellow_mail-e1433843640233.png\" alt=\"\" width=\"48\" height=\"48\"><\/a><\/p><\/td><\/tr><\/tbody><\/table><\/div><div class=\"tmm_scblock\"><a target=\"_blank\" class=\"tmm_sociallink\" href=\"https:\/\/www.linkedin.com\/in\/hannah-cross-62484b151\/\" title=\"\"><img decoding=\"async\" alt=\"\" src=\"https:\/\/interdem.org\/wp-content\/plugins\/team-members\/inc\/img\/links\/linkedin.png\"\/><\/a><\/div><\/div><\/div><div class=\"tmm_member\" style=\"border-top:#333333 solid 5px;\"><div class=\"tmm_textblock\"><div class=\"tmm_names\"><span class=\"tmm_fname\">Joshua<\/span> <span class=\"tmm_lname\">Cudworth<\/span><\/div><div class=\"tmm_job\">Surrey University \/ PhD student<\/div><div class=\"tmm_desc\" style=\"text-align:\"><table width=\"267\"><tbody><tr><td width=\"267\"><p>A Dynamic lighting intervention to reduce falls and improve health in care home residents.<\/p><p><a href=\"mailto:jc01202@surrey.ac.uk\" target=\"_blank\" rel=\"noopener\"><img loading=\"lazy\" decoding=\"async\" class=\"aligncenter wp-image-5257 size-full\" src=\"https:\/\/interdem.org\/wp-content\/uploads\/yellow_mail-e1433843640233.png\" alt=\"\" width=\"48\" height=\"48\"><\/a><\/p><\/td><\/tr><\/tbody><\/table><\/div><div class=\"tmm_scblock\"><\/div><\/div><\/div><span class=\"tmm_two_containers_tablet\"><\/span><div class=\"tmm_member\" style=\"border-top:#333333 solid 5px;\"><div class=\"tmm_photo tmm_pic_c_14\" style=\"background: url(http:\/\/interdem.org\/wp-content\/uploads\/JulietaCamino.jpg); margin-left: auto; margin-right:auto; background-size:cover !important;\"><\/div><div class=\"tmm_textblock\"><div class=\"tmm_names\"><span class=\"tmm_fname\">Julieta<\/span> <span class=\"tmm_lname\">Camino<\/span><\/div><div class=\"tmm_job\">University of East Anglia \/ Research Fellow<\/div><div class=\"tmm_desc\" style=\"text-align:\"><table width=\"240\"><tbody><tr><td width=\"240\"><p>Extrinsic factors affecting individuals living with dementia's abilities to complete daily tasks. Main focus is the role of the carer (type and amount of support given\/needed) and the physical environment.<\/p><p><a href=\"mailto:j.camino@uea.ac.uk\" target=\"_blank\" rel=\"noopener\"><img loading=\"lazy\" decoding=\"async\" class=\"aligncenter wp-image-5257 size-full\" src=\"https:\/\/interdem.org\/wp-content\/uploads\/yellow_mail-e1433843640233.png\" alt=\"\" width=\"48\" height=\"48\"><\/a><\/p><\/td><\/tr><\/tbody><\/table><\/div><div class=\"tmm_scblock\"><a target=\"_blank\" class=\"tmm_sociallink\" href=\"@caminojulieta\" title=\"\"><img decoding=\"async\" alt=\"\" src=\"https:\/\/interdem.org\/wp-content\/plugins\/team-members\/inc\/img\/links\/twitter.png\"\/><\/a><\/div><\/div><\/div><div style=\"clear:both;\"><\/div><\/div><\/div><\/div> ","protected":false},"excerpt":{"rendered":"","protected":false},"author":8,"featured_media":0,"comment_status":"closed","ping_status":"open","sticky":false,"template":"","format":"standard","meta":{"footnotes":""},"categories":[332],"tags":[],"_links":{"self":[{"href":"https:\/\/interdem.org\/index.php?rest_route=\/wp\/v2\/posts\/8083"}],"collection":[{"href":"https:\/\/interdem.org\/index.php?rest_route=\/wp\/v2\/posts"}],"about":[{"href":"https:\/\/interdem.org\/index.php?rest_route=\/wp\/v2\/types\/post"}],"author":[{"embeddable":true,"href":"https:\/\/interdem.org\/index.php?rest_route=\/wp\/v2\/users\/8"}],"replies":[{"embeddable":true,"href":"https:\/\/interdem.org\/index.php?rest_route=%2Fwp%2Fv2%2Fcomments&post=8083"}],"version-history":[{"count":1,"href":"https:\/\/interdem.org\/index.php?rest_route=\/wp\/v2\/posts\/8083\/revisions"}],"predecessor-version":[{"id":8084,"href":"https:\/\/interdem.org\/index.php?rest_route=\/wp\/v2\/posts\/8083\/revisions\/8084"}],"wp:attachment":[{"href":"https:\/\/interdem.org\/index.php?rest_route=%2Fwp%2Fv2%2Fmedia&parent=8083"}],"wp:term":[{"taxonomy":"category","embeddable":true,"href":"https:\/\/interdem.org\/index.php?rest_route=%2Fwp%2Fv2%2Fcategories&post=8083"},{"taxonomy":"post_tag","embeddable":true,"href":"https:\/\/interdem.org\/index.php?rest_route=%2Fwp%2Fv2%2Ftags&post=8083"}],"curies":[{"name":"wp","href":"https:\/\/api.w.org\/{rel}","templated":true}]}}