{"id":8057,"date":"2022-10-04T17:14:47","date_gmt":"2022-10-04T15:14:47","guid":{"rendered":"https:\/\/interdem.org\/?p=8057"},"modified":"2022-10-04T17:14:49","modified_gmt":"2022-10-04T15:14:49","slug":"k","status":"publish","type":"post","link":"https:\/\/interdem.org\/?p=8057","title":{"rendered":"K"},"content":{"rendered":" <div class=\"tmm tmm_k\"><div class=\"tmm_3_columns tmm_wrap tmm_plugin_f\"><span class=\"tmm_two_containers_tablet\"><\/span><div class=\"tmm_container\"><div class=\"tmm_member\" style=\"border-top:#333333 solid 5px;\"><div class=\"tmm_photo tmm_pic_k_0\" style=\"background: url(http:\/\/interdem.org\/wp-content\/uploads\/Aysegul-Humeyra-Kafadar.jpg); margin-left: auto; margin-right:auto; background-size:cover !important;\"><\/div><div class=\"tmm_textblock\"><div class=\"tmm_names\"><span class=\"tmm_fname\">Ay\u015feg\u00fcl H\u00fcmeyra<\/span> <span class=\"tmm_lname\">Kafadar<\/span><\/div><div class=\"tmm_job\">University of Nottingham \/ PhD student<\/div><div class=\"tmm_desc\" style=\"text-align:\"><table width=\"274\"><tbody><tr><td width=\"274\"><p>My main research interest for dementia. My PhD project is about factors on influence COVID-19 vaccination behaviour in people with young-onset dementia and their carers<\/p><p><a href=\"mailtoAYSEGUL.KAFADAR@nottingham.ac.uk\" target=\"_blank\" rel=\"noopener\"><img loading=\"lazy\" decoding=\"async\" class=\"aligncenter wp-image-5257 size-full\" src=\"http:\/\/interdem.org\/wp-content\/uploads\/yellow_mail-e1433843640233.png\" alt=\"\" width=\"48\" height=\"48\"><\/a><\/p><\/td><\/tr><\/tbody><\/table><\/div><div class=\"tmm_scblock\"><a target=\"_blank\" class=\"tmm_sociallink\" href=\"https:\/\/twitter.com\/@AysegulKafadar\" title=\"\"><img decoding=\"async\" alt=\"\" src=\"https:\/\/interdem.org\/wp-content\/plugins\/team-members\/inc\/img\/links\/twitter.png\"\/><\/a><a target=\"_blank\" class=\"tmm_sociallink\" href=\"https:\/\/www.linkedin.com\/in\/Aysegul Humeyra Kafadar\" title=\"\"><img decoding=\"async\" alt=\"\" src=\"https:\/\/interdem.org\/wp-content\/plugins\/team-members\/inc\/img\/links\/linkedin.png\"\/><\/a><\/div><\/div><\/div><div class=\"tmm_member\" style=\"border-top:#333333 solid 5px;\"><div class=\"tmm_textblock\"><div class=\"tmm_names\"><span class=\"tmm_fname\">Stephanie<\/span> <span class=\"tmm_lname\">Kipfer<\/span><\/div><div class=\"tmm_job\">HES-SO University of Applied Sciences and Arts Western Switzerland \/ Research associate<\/div><div class=\"tmm_desc\" style=\"text-align:\"><table width=\"274\"><tbody><tr><td width=\"274\"><p>Psychoeducational interventions for care partners of persons living with dementia; Relationship quality between persons living with dementia and their care partners; Person-centred care of people with dementia living in long term care homes.<\/p><p><a href=\"mailto:stephanie.kipfer@hefr.ch\" target=\"_blank\" rel=\"noopener\"><img loading=\"lazy\" decoding=\"async\" class=\"aligncenter wp-image-5257 size-full\" src=\"https:\/\/interdem.org\/wp-content\/uploads\/yellow_mail-e1433843640233.png\" alt=\"\" width=\"48\" height=\"48\"><\/a><\/p><\/td><\/tr><\/tbody><\/table><\/div><div class=\"tmm_scblock\"><\/div><\/div><\/div><span class=\"tmm_two_containers_tablet\"><\/span><div class=\"tmm_member\" style=\"border-top:#333333 solid 5px;\"><div class=\"tmm_photo tmm_pic_k_2\" style=\"background: url(https:\/\/interdem.org\/wp-content\/uploads\/Samitas-photo_v2.jpg); margin-left: auto; margin-right:auto; background-size:cover !important;\"><\/div><div class=\"tmm_textblock\"><div class=\"tmm_names\"><span class=\"tmm_fname\">Samita<\/span> <span class=\"tmm_lname\">Kirve<\/span><\/div><div class=\"tmm_job\">University of Worcester \/ PhD Student<\/div><div class=\"tmm_desc\" style=\"text-align:\"><table width=\"274\"><tbody><tr><td width=\"274\"><p>My primary areas of expertise include dementia, neuroscience, higher education, and occupational therapy curriculum development. I am currently pursuing a part-time PhD in Dementia Studies at the University of Worcester. My research project focuses on identifying gaps in dementia education within occupational therapy curriculums across higher education institutions in the UK. I am also interested in research around sensory processing difficulties with people living with dementia and the impact on their activities and engagement.<\/p><p><a href=\"mailto:kirs1_23@uni.worc.ac.uk\" target=\"_blank\" rel=\"noopener\"><img loading=\"lazy\" decoding=\"async\" class=\"aligncenter wp-image-5257 size-full\" src=\"https:\/\/interdem.org\/wp-content\/uploads\/yellow_mail-e1433843640233.png\" alt=\"\" width=\"48\" height=\"48\"><\/a><\/p><\/td><\/tr><\/tbody><\/table><\/div><div class=\"tmm_scblock\"><a target=\"_blank\" class=\"tmm_sociallink\" href=\"https:\/\/www.linkedin.com\/in\/samitakirve\/\" title=\"\"><img decoding=\"async\" alt=\"\" src=\"https:\/\/interdem.org\/wp-content\/plugins\/team-members\/inc\/img\/links\/linkedin.png\"\/><\/a><\/div><\/div><\/div><\/div><span class=\"tmm_columns_containers_desktop\"><\/span><div class=\"tmm_container\"><div class=\"tmm_member\" style=\"border-top:#333333 solid 5px;\"><div class=\"tmm_textblock\"><div class=\"tmm_names\"><span class=\"tmm_fname\">Emma Sofie<\/span> <span class=\"tmm_lname\">Kj\u00e6r Pedersen<\/span><\/div><div class=\"tmm_job\">Danish Dementia Research Centre \/ PhD Student<\/div><div class=\"tmm_desc\" style=\"text-align:\"><table width=\"274\"><tbody><tr><td width=\"274\"><p>PhD student in public health studying quality of life in family caregivers of people with dementia, validating CES, and evaluating the Danish DemTool trial.<\/p><p><a href=\"mailto:emma.sofie.kjaer.pedersen@regionh.dk\" target=\"_blank\" rel=\"noopener\"><img loading=\"lazy\" decoding=\"async\" class=\"aligncenter wp-image-5257 size-full\" src=\"https:\/\/interdem.org\/wp-content\/uploads\/yellow_mail-e1433843640233.png\" alt=\"\" width=\"48\" height=\"48\"><\/a><\/p><\/td><\/tr><\/tbody><\/table><\/div><div class=\"tmm_scblock\"><a target=\"_blank\" class=\"tmm_sociallink\" href=\"http:\/\/www.linkedin.com\/in\/emma-kj\u00e6r-pedersen-975672152\" title=\"\"><img decoding=\"async\" alt=\"\" src=\"https:\/\/interdem.org\/wp-content\/plugins\/team-members\/inc\/img\/links\/linkedin.png\"\/><\/a><\/div><\/div><\/div><span class=\"tmm_two_containers_tablet\"><\/span><div class=\"tmm_member\" style=\"border-top:#333333 solid 5px;\"><div class=\"tmm_photo tmm_pic_k_4\" style=\"background: url(http:\/\/interdem.org\/wp-content\/uploads\/Grete-Kjelvik_1-scaled.jpg); margin-left: auto; margin-right:auto; background-size:cover !important;\"><\/div><div class=\"tmm_textblock\"><div class=\"tmm_names\"><span class=\"tmm_fname\">Grete<\/span> <span class=\"tmm_lname\">Kjelvik<\/span><\/div><div class=\"tmm_job\">National Centre of Ageing and Health \/ Post-doc<\/div><div class=\"tmm_desc\" style=\"text-align:\"><p><a href=\"mailto:grete.kjelvik@aldringoghelse.no\" target=\"_blank\" rel=\"noopener\"><img loading=\"lazy\" decoding=\"async\" class=\"wp-image-5257 size-full aligncenter\" src=\"http:\/\/interdem.org\/wp-content\/uploads\/yellow_mail-e1433843640233.png\" alt=\"\" width=\"48\" height=\"48\"><\/a><\/p><\/div><div class=\"tmm_scblock\"><\/div><\/div><\/div><div class=\"tmm_member\" style=\"border-top:#333333 solid 5px;\"><div class=\"tmm_textblock\"><div class=\"tmm_names\"><span class=\"tmm_fname\">Chris<\/span> <span class=\"tmm_lname\">Knifton<\/span><\/div><div class=\"tmm_job\">De Montfort University \/ Associate professor<\/div><div class=\"tmm_desc\" style=\"text-align:\"><p>Dementia education<br>Equity, diversity, inclusion \u2013 supporting carers who are neurodiverse access information about their relatives and neurodiverse carers access accessible education<br>Learning disability \/ intellectual disability and dementia<\/p><p><a href=\"mailto:cknifton@dmu.ac.uk\" target=\"_blank\" rel=\"noopener\"><img loading=\"lazy\" decoding=\"async\" class=\"aligncenter wp-image-5257 size-full\" src=\"https:\/\/interdem.org\/wp-content\/uploads\/yellow_mail-e1433843640233.png\" alt=\"\" width=\"48\" height=\"48\"><\/a><\/p><\/div><div class=\"tmm_scblock\"><\/div><\/div><\/div><span class=\"tmm_two_containers_tablet\"><\/span><\/div><span class=\"tmm_columns_containers_desktop\"><\/span><div class=\"tmm_container\"><div class=\"tmm_member\" style=\"border-top:#333333 solid 5px;\"><div class=\"tmm_photo tmm_pic_k_6\" style=\"background: url(http:\/\/interdem.org\/wp-content\/uploads\/Inge-Knippenberg-scaled.jpg); margin-left: auto; margin-right:auto; background-size:cover !important;\"><\/div><div class=\"tmm_textblock\"><div class=\"tmm_names\"><span class=\"tmm_fname\">Inge<\/span> <span class=\"tmm_lname\">Knippenberg<\/span><\/div><div class=\"tmm_job\">Radboudumc \/ PhD student<\/div><div class=\"tmm_desc\" style=\"text-align:\"><table width=\"240\"><tbody><tr><td width=\"240\"><p>Depression in nursing homes: implicit responses and deliberate antidepressant strategies<\/p><p><a href=\"mailto:inge.knippenberg@radboudumc.nl\" target=\"_blank\" rel=\"noopener\"><img loading=\"lazy\" decoding=\"async\" class=\"aligncenter wp-image-5257 size-full\" src=\"http:\/\/interdem.org\/wp-content\/uploads\/yellow_mail-e1433843640233.png\" alt=\"\" width=\"48\" height=\"48\"><\/a><\/p><\/td><\/tr><\/tbody><\/table><\/div><div class=\"tmm_scblock\"><a target=\"_blank\" class=\"tmm_sociallink\" href=\"https:\/\/nl.linkedin.com\/in\/inge-knippenberg-480b2937\" title=\"\"><img decoding=\"async\" alt=\"\" src=\"https:\/\/interdem.org\/wp-content\/plugins\/team-members\/inc\/img\/links\/linkedin.png\"\/><\/a><\/div><\/div><\/div><div class=\"tmm_member\" style=\"border-top:#333333 solid 5px;\"><div class=\"tmm_photo tmm_pic_k_7\" style=\"background: url(http:\/\/interdem.org\/wp-content\/uploads\/Wei-Qi-Koh.jpg); margin-left: auto; margin-right:auto; background-size:cover !important;\"><\/div><div class=\"tmm_textblock\"><div class=\"tmm_names\"><span class=\"tmm_fname\">Wei Qi<\/span> <span class=\"tmm_lname\">Koh<\/span><\/div><div class=\"tmm_job\">School of Health and Rehabilitation Sciences<\/div><div class=\"tmm_desc\" style=\"text-align:\"><table width=\"240\"><tbody><tr><td width=\"240\"><p>Lecturer in Occupational Therapy<\/p><p><a href=\"mailto:weiqi.koh@uq.edu.au\" target=\"_blank\" rel=\"noopener\"><img loading=\"lazy\" decoding=\"async\" class=\"alignleft wp-image-5257 size-full\" src=\"http:\/\/interdem.org\/wp-content\/uploads\/yellow_mail-e1433843640233.png\" alt=\"\" width=\"48\" height=\"48\"><\/a><a href=\"https:\/\/pubmed.ncbi.nlm.nih.gov\/?term=Koh+WQ&amp;cauthor_id=33546772\" target=\"_blank\" rel=\"noopener\"><img loading=\"lazy\" decoding=\"async\" class=\"alignleft wp-image-5260 size-full\" src=\"http:\/\/interdem.org\/wp-content\/uploads\/pubmed_logo-e1433843933782.gif\" alt=\"\" width=\"96\" height=\"48\"><\/a><\/p><\/td><\/tr><\/tbody><\/table><\/div><div class=\"tmm_scblock\"><a target=\"_blank\" class=\"tmm_sociallink\" href=\"https:\/\/twitter.com\/weiqi_koh\" title=\"\"><img decoding=\"async\" alt=\"\" src=\"https:\/\/interdem.org\/wp-content\/plugins\/team-members\/inc\/img\/links\/twitter.png\"\/><\/a><a target=\"_blank\" class=\"tmm_sociallink\" href=\"\" title=\"\"><img decoding=\"async\" alt=\"\" src=\"https:\/\/interdem.org\/wp-content\/plugins\/team-members\/inc\/img\/links\/linkedin.png\"\/><\/a><\/div><\/div><\/div><span class=\"tmm_two_containers_tablet\"><\/span><div class=\"tmm_member\" style=\"border-top:#333333 solid 5px;\"><div class=\"tmm_photo tmm_pic_k_8\" style=\"background: url(http:\/\/interdem.org\/wp-content\/uploads\/Gianna-Kohl.jpg); margin-left: auto; margin-right:auto; background-size:cover !important;\"><\/div><div class=\"tmm_textblock\"><div class=\"tmm_names\"><span class=\"tmm_fname\">Gianna<\/span> <span class=\"tmm_lname\">Kohl<\/span><\/div><div class=\"tmm_job\">University College London \/ Research Fellow<\/div><div class=\"tmm_desc\" style=\"text-align:\"><table width=\"240\"><tbody><tr><td width=\"240\"><p>My current research focuses on supporting people with dementia who live alone without informal carers in accessing and navigating services and support. I am particularly interested in psychosocial support, experiences of living with dementia, and the impact of stigma on people with dementia and informal carers.<\/p><p><a href=\"mailto:g.kohl@ucl.ac.uk\" target=\"_blank\" rel=\"noopener\"><img loading=\"lazy\" decoding=\"async\" class=\"aligncenter wp-image-5257 size-full\" src=\"https:\/\/interdem.org\/wp-content\/uploads\/yellow_mail-e1433843640233.png\" alt=\"\" width=\"48\" height=\"48\"><\/a><\/p><\/td><\/tr><\/tbody><\/table><\/div><div class=\"tmm_scblock\"><a target=\"_blank\" class=\"tmm_sociallink\" href=\"https:\/\/twitter.com\/GiannaJKohl\" title=\"\"><img decoding=\"async\" alt=\"\" src=\"https:\/\/interdem.org\/wp-content\/plugins\/team-members\/inc\/img\/links\/twitter.png\"\/><\/a><a target=\"_blank\" class=\"tmm_sociallink\" href=\"https:\/\/www.linkedin.com\/in\/giannakohl\/\" title=\"\"><img decoding=\"async\" alt=\"\" src=\"https:\/\/interdem.org\/wp-content\/plugins\/team-members\/inc\/img\/links\/linkedin.png\"\/><\/a><\/div><\/div><\/div><\/div><span class=\"tmm_columns_containers_desktop\"><\/span><div class=\"tmm_container\"><div class=\"tmm_member\" style=\"border-top:#333333 solid 5px;\"><div class=\"tmm_photo tmm_pic_k_9\" style=\"background: url(https:\/\/interdem.org\/wp-content\/uploads\/Foto.jpg); margin-left: auto; margin-right:auto; background-size:cover !important;\"><\/div><div class=\"tmm_textblock\"><div class=\"tmm_names\"><span class=\"tmm_fname\">Anne<\/span> <span class=\"tmm_lname\">Kolmans<\/span><\/div><div class=\"tmm_job\">Radboud umc \/ PhD student<\/div><div class=\"tmm_desc\" style=\"text-align:\"><table width=\"240\"><tbody><tr><td width=\"240\"><p>As part of QoLEAD, my project focusses on how to support the social connectedness of people with dementia and their network. Specifically, we focus on how dementia-related stigma is experienced and how this influences the social lives of people with dementia and their relatives.<\/p><p><a href=\"mailto:anne.kolmans@radboudumc.nl\" target=\"_blank\" rel=\"noopener\"><img loading=\"lazy\" decoding=\"async\" class=\"aligncenter wp-image-5257 size-full\" src=\"https:\/\/interdem.org\/wp-content\/uploads\/yellow_mail-e1433843640233.png\" alt=\"\" width=\"48\" height=\"48\"><\/a><\/p><\/td><\/tr><\/tbody><\/table><\/div><div class=\"tmm_scblock\"><a target=\"_blank\" class=\"tmm_sociallink\" href=\"https:\/\/www.linkedin.com\/in\/anne-kolmans-a24642176\/\" title=\"\"><img decoding=\"async\" alt=\"\" src=\"https:\/\/interdem.org\/wp-content\/plugins\/team-members\/inc\/img\/links\/linkedin.png\"\/><\/a><\/div><\/div><\/div><span class=\"tmm_two_containers_tablet\"><\/span><div class=\"tmm_member\" style=\"border-top:#333333 solid 5px;\"><div class=\"tmm_photo tmm_pic_k_10\" style=\"background: url(http:\/\/interdem.org\/wp-content\/uploads\/Noortje-Kloos.gif); margin-left: auto; margin-right:auto; background-size:cover !important;\"><\/div><div class=\"tmm_textblock\"><div class=\"tmm_names\"><span class=\"tmm_fname\">Noortje<\/span> <span class=\"tmm_lname\">Kloos<\/span><\/div><div class=\"tmm_job\">Radboudumc-UKON \/ Postdoc<\/div><div class=\"tmm_desc\" style=\"text-align:\"><table width=\"298\"><tbody><tr><td width=\"298\"><p>My main research project is gratitude exprienced by people living with dementia and informal caregivers, and my area of expertise is positive psychology and well-being of older adults<\/p><p><a href=\"mailto:noortje.kloos@radboudumc.nl\" target=\"_blank\" rel=\"noopener\"><img loading=\"lazy\" decoding=\"async\" class=\"aligncenter wp-image-5257 size-full\" src=\"http:\/\/interdem.org\/wp-content\/uploads\/yellow_mail-e1433843640233.png\" alt=\"\" width=\"48\" height=\"48\"><\/a><\/p><\/td><\/tr><\/tbody><\/table><\/div><div class=\"tmm_scblock\"><a target=\"_blank\" class=\"tmm_sociallink\" href=\"https:\/\/www.linkedin.com\/in\/noortje-kloos-2a835380\/\" title=\"\"><img decoding=\"async\" alt=\"\" src=\"https:\/\/interdem.org\/wp-content\/plugins\/team-members\/inc\/img\/links\/linkedin.png\"\/><\/a><\/div><\/div><\/div><div class=\"tmm_member\" style=\"border-top:#333333 solid 5px;\"><div class=\"tmm_photo tmm_pic_k_11\" style=\"background: url(https:\/\/interdem.org\/wp-content\/uploads\/Caroline-2.jpg); margin-left: auto; margin-right:auto; background-size:cover !important;\"><\/div><div class=\"tmm_textblock\"><div class=\"tmm_names\"><span class=\"tmm_fname\">Caroline<\/span> <span class=\"tmm_lname\">Kreppen Overen<\/span><\/div><div class=\"tmm_job\">Lovisenberg Diaconal University College \/ PhD Student<\/div><div class=\"tmm_desc\" style=\"text-align:\"><table width=\"298\"><tbody><tr><td width=\"298\"><p>My PhD-project focuses on pain management in people with dementia living in nursing homes. It emphasizes integrating residual capacity of self-reporting of pain and centering pain management around how people with dementia express their pain experiences. The project aims to explore the processes of pain management, identify the resources of people with dementia within these processes, and develop an intervention to structure pain management processes for people with dementia in nursing homes.<\/p><p><a href=\"mailto:caroline.kreppen.overen@ldh.no\" target=\"_blank\" rel=\"noopener\"><img loading=\"lazy\" decoding=\"async\" class=\"aligncenter wp-image-5257 size-full\" src=\"https:\/\/interdem.org\/wp-content\/uploads\/yellow_mail-e1433843640233.png\" alt=\"\" width=\"48\" height=\"48\"><\/a><\/p><\/td><\/tr><\/tbody><\/table><\/div><div class=\"tmm_scblock\"><\/div><\/div><\/div><div style=\"clear:both;\"><\/div><\/div><\/div><\/div> ","protected":false},"excerpt":{"rendered":"","protected":false},"author":8,"featured_media":0,"comment_status":"closed","ping_status":"open","sticky":false,"template":"","format":"standard","meta":{"footnotes":""},"categories":[332],"tags":[],"_links":{"self":[{"href":"https:\/\/interdem.org\/index.php?rest_route=\/wp\/v2\/posts\/8057"}],"collection":[{"href":"https:\/\/interdem.org\/index.php?rest_route=\/wp\/v2\/posts"}],"about":[{"href":"https:\/\/interdem.org\/index.php?rest_route=\/wp\/v2\/types\/post"}],"author":[{"embeddable":true,"href":"https:\/\/interdem.org\/index.php?rest_route=\/wp\/v2\/users\/8"}],"replies":[{"embeddable":true,"href":"https:\/\/interdem.org\/index.php?rest_route=%2Fwp%2Fv2%2Fcomments&post=8057"}],"version-history":[{"count":1,"href":"https:\/\/interdem.org\/index.php?rest_route=\/wp\/v2\/posts\/8057\/revisions"}],"predecessor-version":[{"id":8059,"href":"https:\/\/interdem.org\/index.php?rest_route=\/wp\/v2\/posts\/8057\/revisions\/8059"}],"wp:attachment":[{"href":"https:\/\/interdem.org\/index.php?rest_route=%2Fwp%2Fv2%2Fmedia&parent=8057"}],"wp:term":[{"taxonomy":"category","embeddable":true,"href":"https:\/\/interdem.org\/index.php?rest_route=%2Fwp%2Fv2%2Fcategories&post=8057"},{"taxonomy":"post_tag","embeddable":true,"href":"https:\/\/interdem.org\/index.php?rest_route=%2Fwp%2Fv2%2Ftags&post=8057"}],"curies":[{"name":"wp","href":"https:\/\/api.w.org\/{rel}","templated":true}]}}