{"id":6959,"date":"2018-12-27T10:16:10","date_gmt":"2018-12-27T08:16:10","guid":{"rendered":"http:\/\/interdem.org\/?p=6959"},"modified":"2018-12-21T10:16:47","modified_gmt":"2018-12-21T08:16:47","slug":"article-of-the-month-november-2","status":"publish","type":"post","link":"https:\/\/interdem.org\/?p=6959","title":{"rendered":"Article of the month November"},"content":{"rendered":"<p>Thyrian, J.R., Michalowsky, B., Hertel, J., W\u00fcbbeler, M., Gr\u00e4ske, J., Holle, B., Sch\u00e4fer-Walkmann, S., Wolf-Ostermann, K. and Hoffmann, W., (2018) How Does Utilization of Health Care Services Change in People with Dementia Served by Dementia Care Networks? Results of the Longitudinal, Observational DemNet-D-Study.\u00a0<i>Journal of Alzheimer\u2019s Disease<\/i>, (Preprint), pp.1-9.<\/p>\n<p>This paper describes\u00a0changes in\u00a0health\u00a0service\u00a0use by\u00a0people living with dementia\u00a0who are\u00a0served\u00a0by dementia care networks in Germany. It also considers\u00a0the\u00a0factors associated\u00a0with\u00a0changes in service utilisation over time. The study was observational with\u00a0face-to-face interviews over one year. The findings revealed\u00a0that people living with dementia in dementia care networks had higher service use than the general population and this changed little over time.<\/p>\n","protected":false},"excerpt":{"rendered":"<p>Thyrian, J.R., Michalowsky, B., Hertel, J., W\u00fcbbeler, M., Gr\u00e4ske, J., Holle, B., Sch\u00e4fer-Walkmann, S., Wolf-Ostermann, K. and Hoffmann, W., (2018) How Does Utilization of Health Care Services Change in People [&hellip;] ","protected":false},"author":1,"featured_media":6889,"comment_status":"closed","ping_status":"open","sticky":false,"template":"","format":"standard","meta":{"footnotes":""},"categories":[1,328],"tags":[],"_links":{"self":[{"href":"https:\/\/interdem.org\/index.php?rest_route=\/wp\/v2\/posts\/6959"}],"collection":[{"href":"https:\/\/interdem.org\/index.php?rest_route=\/wp\/v2\/posts"}],"about":[{"href":"https:\/\/interdem.org\/index.php?rest_route=\/wp\/v2\/types\/post"}],"author":[{"embeddable":true,"href":"https:\/\/interdem.org\/index.php?rest_route=\/wp\/v2\/users\/1"}],"replies":[{"embeddable":true,"href":"https:\/\/interdem.org\/index.php?rest_route=%2Fwp%2Fv2%2Fcomments&post=6959"}],"version-history":[{"count":1,"href":"https:\/\/interdem.org\/index.php?rest_route=\/wp\/v2\/posts\/6959\/revisions"}],"predecessor-version":[{"id":6960,"href":"https:\/\/interdem.org\/index.php?rest_route=\/wp\/v2\/posts\/6959\/revisions\/6960"}],"wp:featuredmedia":[{"embeddable":true,"href":"https:\/\/interdem.org\/index.php?rest_route=\/wp\/v2\/media\/6889"}],"wp:attachment":[{"href":"https:\/\/interdem.org\/index.php?rest_route=%2Fwp%2Fv2%2Fmedia&parent=6959"}],"wp:term":[{"taxonomy":"category","embeddable":true,"href":"https:\/\/interdem.org\/index.php?rest_route=%2Fwp%2Fv2%2Fcategories&post=6959"},{"taxonomy":"post_tag","embeddable":true,"href":"https:\/\/interdem.org\/index.php?rest_route=%2Fwp%2Fv2%2Ftags&post=6959"}],"curies":[{"name":"wp","href":"https:\/\/api.w.org\/{rel}","templated":true}]}}