{"id":4760,"date":"2015-04-06T02:44:06","date_gmt":"2015-04-06T00:44:06","guid":{"rendered":"http:\/\/nuevaweb.interdem.org\/?p=4760"},"modified":"2018-10-26T12:38:35","modified_gmt":"2018-10-26T10:38:35","slug":"finland-2","status":"publish","type":"post","link":"https:\/\/interdem.org\/?p=4760","title":{"rendered":"Finland"},"content":{"rendered":"<div class=\"tmm tmm_finland\"><div class=\"tmm_3_columns tmm_wrap tmm_plugin_f\"><span class=\"tmm_two_containers_tablet\"><\/span><div class=\"tmm_container\"><div class=\"tmm_member\" style=\"border-top:#dd9933 solid 5px;\"><div class=\"tmm_photo tmm_pic_finland_0\" style=\"background: url(http:\/\/interdem.org\/wp-content\/uploads\/Eloniemi-Sulkava_Ulla.jpeg); margin-left: auto; margin-right:auto; background-size:cover !important;\"><\/div><div class=\"tmm_textblock\"><div class=\"tmm_names\"><span class=\"tmm_fname\">Ulla <\/span> <span class=\"tmm_lname\">Eloniemi-Sulkava<\/span><\/div><div class=\"tmm_job\">Amia Health Center and University of Tampere<\/div><div class=\"tmm_desc\" style=\"text-align:center\">Development Director at Amia Health Center for Seniors and for People with Dementia and Adjunct Professor at University of Tampere Gerontology Research Center. <p><a href=\"mailto:ulla.eloniemi-sulkava@amia.fi\" target=\"_blank\"><img loading=\"lazy\" decoding=\"async\" class=\"alignnone size-full wp-image-5257\" src=\"http:\/\/interdem.org\/wp-content\/uploads\/yellow_mail-e1433843640233.png\" alt=\"yellow_mail\" width=\"48\" height=\"48\" \/><\/a> <a href=\"https:\/\/www.ncbi.nlm.nih.gov\/pubmed\/?term=Eloniemi-Sulkava\" target=\"_blank\"><img loading=\"lazy\" decoding=\"async\" class=\"alignnone size-full wp-image-5260\" src=\"http:\/\/interdem.org\/wp-content\/uploads\/pubmed_logo-e1433843933782.gif\" alt=\"pubmed_logo\" width=\"96\" height=\"48\" \/><\/a> <a href=\"http:\/\/interdem.org\/wp-content\/pdf\/cv_members\/cv_eloniemi.pdf\" target=\"_blank\"><img loading=\"lazy\" decoding=\"async\" class=\"alignnone size-full wp-image-5260\" src=\"http:\/\/interdem.org\/wp-content\/uploads\/hard-drive-download.png\" alt=\"pubmed_logo\" width=\"48\" height=\"48\" \/><\/div><div class=\"tmm_scblock\"><a target=\"_blank\" class=\"tmm_sociallink\" href=\"https:\/\/www.linkedin.com\/in\/ulla-eloniemi-sulkava-99267866\/\" title=\"\"><img decoding=\"async\" alt=\"\" src=\"https:\/\/interdem.org\/wp-content\/plugins\/team-members\/inc\/img\/links\/linkedin.png\"\/><\/a><a target=\"_blank\" class=\"tmm_sociallink\" href=\"https:\/\/www.facebook.com\/ulla.eloniemisulkava.9\" title=\"\"><img decoding=\"async\" alt=\"\" src=\"https:\/\/interdem.org\/wp-content\/plugins\/team-members\/inc\/img\/links\/facebook.png\"\/><\/a><\/div><\/div><\/div><div class=\"tmm_member\" style=\"border-top:#dd9933 solid 5px;\"><div class=\"tmm_photo tmm_pic_finland_1\" style=\"background: url(http:\/\/interdem.org\/wp-content\/uploads\/Heimonen_Sirkkaliisa.jpg); margin-left: auto; margin-right:auto; background-size:cover !important;\"><\/div><div class=\"tmm_textblock\"><div class=\"tmm_names\"><span class=\"tmm_fname\">Sirkkaliisa <\/span> <span class=\"tmm_lname\">Heimonen<\/span><\/div><div class=\"tmm_job\">Age Institute<\/div><div class=\"tmm_desc\" style=\"text-align:center\">Sector Manager, expertise on psychogerontology, mental well-being in old age and solution focused approach. <p><a href=\"mailto:sirkkaliisa.heimonen@ikainstituutti.fi\" target=\"_blank\"><img loading=\"lazy\" decoding=\"async\" class=\"alignnone size-full wp-image-5257\" src=\"http:\/\/interdem.org\/wp-content\/uploads\/yellow_mail-e1433843640233.png\" alt=\"yellow_mail\" width=\"48\" height=\"48\" \/><a href=\"http:\/\/interdem.org\/wp-content\/pdf\/cv_members\/cv_heimonen.pdf\" target=\"_blank\"><img loading=\"lazy\" decoding=\"async\" class=\"alignnone size-full wp-image-5260\" src=\"http:\/\/interdem.org\/wp-content\/uploads\/hard-drive-download.png\" alt=\"pubmed_logo\" width=\"48\" height=\"48\" \/><\/div><div class=\"tmm_scblock\"><a target=\"_blank\" class=\"tmm_sociallink\" href=\"https:\/\/twitter.com\/@heimonensirkkis\" title=\"\"><img decoding=\"async\" alt=\"\" src=\"https:\/\/interdem.org\/wp-content\/plugins\/team-members\/inc\/img\/links\/twitter.png\"\/><\/a><\/div><\/div><\/div><span class=\"tmm_two_containers_tablet\"><\/span><div class=\"tmm_member\" style=\"border-top:#dd9933 solid 5px;\"><div class=\"tmm_photo tmm_pic_finland_2\" style=\"background: url(http:\/\/interdem.org\/wp-content\/uploads\/M\u00e4ki-Pet\u00e4j\u00e4_Ana.jpg); margin-left: auto; margin-right:auto; background-size:cover !important;\"><\/div><div class=\"tmm_textblock\"><div class=\"tmm_names\"><span class=\"tmm_fname\">Anna <\/span> <span class=\"tmm_lname\">M\u00e4ki-Pet\u00e4j\u00e4-Leinonen<\/span><\/div><div class=\"tmm_job\">University of Eastern Finland, Institute of Law and Welfare<\/div><div class=\"tmm_desc\" style=\"text-align:center\">LL.D, Title of Docent, Senior Lecturer of Elder Law and director of the Institute of Law and Welfare. Research focuses on Elder Law combining jurisprudence with social and medical sciences. <p><a href=\"mailto:anna.maki-petaja-leinonen@uef.fi\" target=\"_blank\"><img loading=\"lazy\" decoding=\"async\" class=\"alignnone size-full wp-image-5257\" src=\"http:\/\/interdem.org\/wp-content\/uploads\/yellow_mail-e1433843640233.png\" alt=\"yellow_mail\" width=\"48\" height=\"48\" \/><\/a>  <a href=\"http:\/\/interdem.org\/wp-content\/pdf\/cv_members\/cv_leinonen.pdf\" target=\"_blank\"><img loading=\"lazy\" decoding=\"async\" class=\"alignnone size-full wp-image-5260\" src=\"http:\/\/interdem.org\/wp-content\/uploads\/hard-drive-download.png\" alt=\"pubmed_logo\" width=\"48\" height=\"48\" \/><\/div><div class=\"tmm_scblock\"><a target=\"_blank\" class=\"tmm_sociallink\" href=\"https:\/\/twitter.com\/@Annamakipetaja\" title=\"\"><img decoding=\"async\" alt=\"\" src=\"https:\/\/interdem.org\/wp-content\/plugins\/team-members\/inc\/img\/links\/twitter.png\"\/><\/a><\/div><\/div><\/div><\/div><span class=\"tmm_columns_containers_desktop\"><\/span><div class=\"tmm_container\"><div class=\"tmm_member\" style=\"border-top:#dd9933 solid 5px;\"><div class=\"tmm_photo tmm_pic_finland_3\" style=\"background: url(http:\/\/interdem.org\/wp-content\/uploads\/Pitk\u00e4l\u00e4_Kaisu.jpg); margin-left: auto; margin-right:auto; background-size:cover !important;\"><\/div><div class=\"tmm_textblock\"><div class=\"tmm_names\"><span class=\"tmm_fname\">Kaisu <\/span> <span class=\"tmm_lname\">Pitkala<\/span><\/div><div class=\"tmm_job\">University of Helsinki<\/div><div class=\"tmm_desc\" style=\"text-align:center\">Nonpharmacological interventions in dementia. <p><a href=\"mailto:kaisu.pitkala@helsinki.fi\" target=\"_blank\"><img loading=\"lazy\" decoding=\"async\" class=\"alignnone size-full wp-image-5257\" src=\"http:\/\/interdem.org\/wp-content\/uploads\/yellow_mail-e1433843640233.png\" alt=\"yellow_mail\" width=\"48\" height=\"48\" \/><\/a> <a href=\"http:\/\/www.ncbi.nlm.nih.gov\/pubmed?term=Pitk%E4l%E4%20k%5Bau%5D&amp;cmd=DetailsSearch\" target=\"_blank\"><img loading=\"lazy\" decoding=\"async\" class=\"alignnone size-full wp-image-5260\" src=\"http:\/\/interdem.org\/wp-content\/uploads\/pubmed_logo-e1433843933782.gif\" alt=\"pubmed_logo\" width=\"96\" height=\"48\" \/><\/a> <a href=\"http:\/\/interdem.org\/wp-content\/pdf\/cv_members\/cv_pitkala.pdf\" target=\"_blank\"><img loading=\"lazy\" decoding=\"async\" class=\"alignnone size-full wp-image-5260\" src=\"http:\/\/interdem.org\/wp-content\/uploads\/hard-drive-download.png\" alt=\"pubmed_logo\" width=\"48\" height=\"48\" \/><\/div><div class=\"tmm_scblock\"><a target=\"_blank\" class=\"tmm_sociallink\" href=\"https:\/\/tuhat.helsinki.fi\/portal\/fi\/persons\/kaisu-pitkala(02f2076d-f709-41dd-a1a0-985cc54179fd).html\" title=\"\"><img decoding=\"async\" alt=\"\" src=\"https:\/\/interdem.org\/wp-content\/plugins\/team-members\/inc\/img\/links\/website.png\"\/><\/a><\/div><\/div><\/div><span class=\"tmm_two_containers_tablet\"><\/span><div class=\"tmm_member\" style=\"border-top:#dd9933 solid 5px;\"><div class=\"tmm_photo tmm_pic_finland_4\" style=\"background: url(http:\/\/interdem.org\/wp-content\/uploads\/Paivi_Raino.jpg); margin-left: auto; margin-right:auto; background-size:cover !important;\"><\/div><div class=\"tmm_textblock\"><div class=\"tmm_names\"><span class=\"tmm_fname\">P\u00e4ivi <\/span> <span class=\"tmm_lname\">Rain\u00f2<\/span><\/div><div class=\"tmm_job\">Humak University of Applied Sciences<\/div><div class=\"tmm_desc\" style=\"text-align:center\">Senior Researcher. Linguistic accessibility of Deaf and hard-of-hearing people. Sign Language lexicology. Linguistic demography and attrition of signed languages. <p>  <a href=\"http:\/\/interdem.org\/wp-content\/pdf\/cv_members\/cv_raino.pdf\" target=\"_blank\"><img loading=\"lazy\" decoding=\"async\" class=\"alignnone size-full wp-image-5260\" src=\"http:\/\/interdem.org\/wp-content\/uploads\/hard-drive-download.png\" alt=\"pubmed_logo\" width=\"48\" height=\"48\" \/><\/div><div class=\"tmm_scblock\"><a target=\"_blank\" class=\"tmm_sociallink\" href=\"\" title=\"\"><img decoding=\"async\" alt=\"\" src=\"https:\/\/interdem.org\/wp-content\/plugins\/team-members\/inc\/img\/links\/facebook.png\"\/><\/a><\/div><\/div><\/div><div class=\"tmm_member\" style=\"border-top:#dd9933 solid 5px;\"><div class=\"tmm_photo tmm_pic_finland_5\" style=\"background: url(http:\/\/interdem.org\/wp-content\/uploads\/Savikko_Niina.jpg); margin-left: auto; margin-right:auto; background-size:cover !important;\"><\/div><div class=\"tmm_textblock\"><div class=\"tmm_names\"><span class=\"tmm_fname\">Niina <\/span> <span class=\"tmm_lname\">Savikko<\/span><\/div><div class=\"tmm_job\">City of Espoo (leave of absence)<\/div><div class=\"tmm_desc\" style=\"text-align:center\">Niina Savikko has worked as a researcher and as a senior specialist in elderly care. <p><a href=\"mailto:niina.savikko@live.fi\" target=\"_blank\"><img loading=\"lazy\" decoding=\"async\" class=\"alignnone size-full wp-image-5257\" src=\"http:\/\/interdem.org\/wp-content\/uploads\/yellow_mail-e1433843640233.png\" alt=\"yellow_mail\" width=\"48\" height=\"48\" \/><\/a> <a href=\"http:\/\/www.ncbi.nlm.nih.gov\/pubmed?term=Savikko%20n%5Bau%5D&amp;cmd=DetailsSearch\" target=\"_blank\"><img loading=\"lazy\" decoding=\"async\" class=\"alignnone size-full wp-image-5260\" src=\"http:\/\/interdem.org\/wp-content\/uploads\/pubmed_logo-e1433843933782.gif\" alt=\"pubmed_logo\" width=\"96\" height=\"48\" \/><\/a> <a href=\"http:\/\/interdem.org\/wp-content\/pdf\/cv_members\/cv_savikko.pdf\" target=\"_blank\"><img loading=\"lazy\" decoding=\"async\" class=\"alignnone size-full wp-image-5260\" src=\"http:\/\/interdem.org\/wp-content\/uploads\/hard-drive-download.png\" alt=\"pubmed_logo\" width=\"48\" height=\"48\" \/><\/div><div class=\"tmm_scblock\"><a target=\"_blank\" class=\"tmm_sociallink\" href=\"https:\/\/www.facebook.com\/niina.savikko\" title=\"\"><img decoding=\"async\" alt=\"\" src=\"https:\/\/interdem.org\/wp-content\/plugins\/team-members\/inc\/img\/links\/facebook.png\"\/><\/a><\/div><\/div><\/div><span class=\"tmm_two_containers_tablet\"><\/span><\/div><span class=\"tmm_columns_containers_desktop\"><\/span><div class=\"tmm_container\"><div class=\"tmm_member\" style=\"border-top:#dd9933 solid 5px;\"><div class=\"tmm_photo tmm_pic_finland_6\" style=\"background: url(http:\/\/interdem.org\/wp-content\/uploads\/V\u00e4lim\u00e4ki_Tarja.jpg); margin-left: auto; margin-right:auto; background-size:cover !important;\"><\/div><div class=\"tmm_textblock\"><div class=\"tmm_names\"><span class=\"tmm_fname\">Tarja <\/span> <span class=\"tmm_lname\">V\u00e4lim\u00e4ki<\/span><\/div><div class=\"tmm_job\">University of Eastern Finland<\/div><div class=\"tmm_desc\" style=\"text-align:center\">University researcher at the UEF Nursing Science. Main expertice on research methodology and family careigiving in dementia context.<p><a href=\"mailto:tarja.valimaki@uef.fi\" target=\"_blank\"><img loading=\"lazy\" decoding=\"async\" class=\"alignnone size-full wp-image-5257\" src=\"http:\/\/interdem.org\/wp-content\/uploads\/yellow_mail-e1433843640233.png\" alt=\"yellow_mail\" width=\"48\" height=\"48\" \/><\/a> <a href=\"http:\/\/interdem.org\/wp-content\/pdf\/cv_members\/cv_valimaki.pdf\" target=\"_blank\"><img loading=\"lazy\" decoding=\"async\" class=\"alignnone size-full wp-image-5260\" src=\"http:\/\/interdem.org\/wp-content\/uploads\/hard-drive-download.png\" alt=\"pubmed_logo\" width=\"48\" height=\"48\" \/><\/div><div class=\"tmm_scblock\"><a target=\"_blank\" class=\"tmm_sociallink\" href=\"\" title=\"\"><img decoding=\"async\" alt=\"\" src=\"https:\/\/interdem.org\/wp-content\/plugins\/team-members\/inc\/img\/links\/facebook.png\"\/><\/a><\/div><\/div><\/div><div style=\"clear:both;\"><\/div><\/div><\/div><\/div> ","protected":false},"excerpt":{"rendered":"","protected":false},"author":1,"featured_media":4622,"comment_status":"open","ping_status":"open","sticky":false,"template":"","format":"standard","meta":{"footnotes":""},"categories":[327],"tags":[],"_links":{"self":[{"href":"https:\/\/interdem.org\/index.php?rest_route=\/wp\/v2\/posts\/4760"}],"collection":[{"href":"https:\/\/interdem.org\/index.php?rest_route=\/wp\/v2\/posts"}],"about":[{"href":"https:\/\/interdem.org\/index.php?rest_route=\/wp\/v2\/types\/post"}],"author":[{"embeddable":true,"href":"https:\/\/interdem.org\/index.php?rest_route=\/wp\/v2\/users\/1"}],"replies":[{"embeddable":true,"href":"https:\/\/interdem.org\/index.php?rest_route=%2Fwp%2Fv2%2Fcomments&post=4760"}],"version-history":[{"count":12,"href":"https:\/\/interdem.org\/index.php?rest_route=\/wp\/v2\/posts\/4760\/revisions"}],"predecessor-version":[{"id":6849,"href":"https:\/\/interdem.org\/index.php?rest_route=\/wp\/v2\/posts\/4760\/revisions\/6849"}],"wp:featuredmedia":[{"embeddable":true,"href":"https:\/\/interdem.org\/index.php?rest_route=\/wp\/v2\/media\/4622"}],"wp:attachment":[{"href":"https:\/\/interdem.org\/index.php?rest_route=%2Fwp%2Fv2%2Fmedia&parent=4760"}],"wp:term":[{"taxonomy":"category","embeddable":true,"href":"https:\/\/interdem.org\/index.php?rest_route=%2Fwp%2Fv2%2Fcategories&post=4760"},{"taxonomy":"post_tag","embeddable":true,"href":"https:\/\/interdem.org\/index.php?rest_route=%2Fwp%2Fv2%2Ftags&post=4760"}],"curies":[{"name":"wp","href":"https:\/\/api.w.org\/{rel}","templated":true}]}}